{"id":4098,"global_id":"aucoeurdemanature.com?id=4098","global_id_lineage":["aucoeurdemanature.com?id=4098"],"author":"1","status":"publish","date":"2023-12-05 18:27:26","date_utc":"2023-12-05 17:27:26","modified":"2023-12-05 18:28:26","modified_utc":"2023-12-05 17:28:26","url":"https:\/\/aucoeurdemanature.com\/?tribe_events=atelier-collectif-initiation-signes-avec-bebe","rest_url":"https:\/\/aucoeurdemanature.com\/index.php?rest_route=\/tribe\/events\/v1\/events\/4098","title":"Atelier collectif : Initiation signes avec b\u00e9b\u00e9","description":"<p>D\u00e9couvrir l\u2019outil, Int\u00e9r\u00eat pour le b\u00e9b\u00e9 et le parent<br \/>\nComment mettre en place les signes associ\u00e9s \u00e0 la parole \u00e0 la maison<br \/>\nLes premiers signes : les besoins du quotidien de b\u00e9b\u00e9.<br \/>\nApprentissage d\u2019une comptine sign\u00e9e et lecture d\u2019un livre enrichi de signes<br \/>\nPlaces limit\u00e9es, inscription sur le lien suivant https:\/\/calendly.com\/sandrinetonnellier\/atelier-collectif-initiation-signes<br \/>\nTarif : 25\u20ac par famille<\/p>","excerpt":"","slug":"atelier-collectif-initiation-signes-avec-bebe","image":false,"all_day":false,"start_date":"2024-01-22 17:00:00","start_date_details":{"year":"2024","month":"01","day":"22","hour":"17","minutes":"00","seconds":"00"},"end_date":"2024-01-22 18:00:00","end_date_details":{"year":"2024","month":"01","day":"22","hour":"18","minutes":"00","seconds":"00"},"utc_start_date":"2024-01-22 16:00:00","utc_start_date_details":{"year":"2024","month":"01","day":"22","hour":"16","minutes":"00","seconds":"00"},"utc_end_date":"2024-01-22 17:00:00","utc_end_date_details":{"year":"2024","month":"01","day":"22","hour":"17","minutes":"00","seconds":"00"},"timezone":"Europe\/Paris","timezone_abbr":"CET","cost":"","cost_details":{"currency_symbol":"","currency_code":"","currency_position":"prefix","values":[]},"website":"","show_map":true,"show_map_link":true,"hide_from_listings":false,"sticky":false,"featured":false,"categories":[],"tags":[],"venue":{"id":2290,"author":"1","status":"publish","date":"2021-12-30 18:34:23","date_utc":"2021-12-30 17:34:23","modified":"2021-12-30 18:34:23","modified_utc":"2021-12-30 17:34:23","url":"https:\/\/aucoeurdemanature.com\/?tribe_venue=lindry","venue":"Lindry","slug":"lindry","zip":"89240","json_ld":{"@type":"Place","name":"Lindry","description":"","url":"","address":{"@type":"PostalAddress","postalCode":"89240"},"telephone":"","sameAs":""},"show_map":true,"show_map_link":true,"global_id":"aucoeurdemanature.com?id=2290","global_id_lineage":["aucoeurdemanature.com?id=2290"]},"organizer":[],"custom_fields":[],"json_ld":{"@context":"http:\/\/schema.org","@type":"Event","name":"Atelier collectif : Initiation signes avec b\u00e9b\u00e9","description":"&lt;p&gt;D\u00e9couvrir l\u2019outil, Int\u00e9r\u00eat pour le b\u00e9b\u00e9 et le parent Comment mettre en place les signes associ\u00e9s \u00e0 la parole \u00e0 la maison Les premiers signes : les besoins du quotidien de b\u00e9b\u00e9. Apprentissage d\u2019une comptine sign\u00e9e et lecture d\u2019un livre enrichi de signes Places limit\u00e9es, inscription sur le lien suivant https:\/\/calendly.com\/sandrinetonnellier\/atelier-collectif-initiation-signes Tarif : 25\u20ac par famille&lt;\/p&gt;\\n","url":"https:\/\/aucoeurdemanature.com\/?tribe_events=atelier-collectif-initiation-signes-avec-bebe","eventAttendanceMode":"https:\/\/schema.org\/OfflineEventAttendanceMode","eventStatus":"https:\/\/schema.org\/EventScheduled","startDate":"2024-01-22T17:00:00+01:00","endDate":"2024-01-22T18:00:00+01:00","location":{"@type":"Place","name":"Lindry","description":"","url":"","address":{"@type":"PostalAddress","postalCode":"89240"},"telephone":"","sameAs":""},"performer":"Organization"}}